{"id":1573,"date":"2024-03-21T18:10:15","date_gmt":"2024-03-21T21:10:15","guid":{"rendered":"https:\/\/portalquixaba.com.br\/?p=1573"},"modified":"2024-04-08T18:11:30","modified_gmt":"2024-04-08T21:11:30","slug":"20-bpm-detem-suspeta-de-cometer-lesao-corporal-na-zona-rural-de-gloria-ba","status":"publish","type":"post","link":"https:\/\/portalquixaba.com.br\/?p=1573","title":{"rendered":"20\u00b0 BPM det\u00e9m suspeta de cometer les\u00e3o corporal na zona rural de Gl\u00f3ria-BA"},"content":{"rendered":"\n<p>Nesta quarta-feira, 20 de mar\u00e7o, aproximadamente \u00e0s 19 horas, a guarni\u00e7\u00e3o foi alertada sobre um poss\u00edvel caso de agress\u00e3o com arma branca na Agrovila II, Zona Rural do Munic\u00edpio de Gl\u00f3ria. Os militares deslocaram-se at\u00e9 a Unidade de Pronto Atendimento (UPA) para investigar a situa\u00e7\u00e3o e proceder com os tr\u00e2mites da ocorr\u00eancia. Simultaneamente, outra equipe realizou dilig\u00eancias para recuperar a arma utilizada, que foi encontrada no quintal da resid\u00eancia de uma suspeita, conforme relatado pela v\u00edtima.<\/p>\n\n\n\n<p>Na UPA, foi estabelecido contato com a v\u00edtima e a autora. A v\u00edtima informou que, dois meses atr\u00e1s, havia sido detido por viol\u00eancia dom\u00e9stica contra a autora, sendo que a genitora da v\u00edtima possu\u00eda uma medida protetiva contra a autora, a qual teria sido infringida quando visitou a resid\u00eancia desta, por volta das 17 horas, local onde tamb\u00e9m reside a v\u00edtima.<\/p>\n\n\n\n<p>Ap\u00f3s uma discuss\u00e3o, a autora empunhou uma faca tipo &#8220;peixeira&#8221; e desferiu um golpe no bra\u00e7o da v\u00edtima, arremessando a arma no quintal da resid\u00eancia. Ambos acionaram uma ambul\u00e2ncia local e dirigiram-se \u00e0 UPA na cidade de Paulo Afonso, Bahia. Cabe ressaltar que a autora tamb\u00e9m estava sujeita a uma medida protetiva em rela\u00e7\u00e3o \u00e0 v\u00edtima, em decorr\u00eancia de um incidente ocorrido cerca de dois meses atr\u00e1s.<\/p>\n\n\n\n<p>Diante dos fatos, todos foram conduzidos \u00e0 Delegacia de Pol\u00edcia Civil para tomada das medidas legais cab\u00e9iveis.<\/p>\n\n\n\n<p><strong>FONTE: ASCOM do 20\u00ba BPM<\/strong><\/p>\n","protected":false},"excerpt":{"rendered":"<p>Nesta quarta-feira, 20 de mar\u00e7o, aproximadamente \u00e0s 19 horas, a guarni\u00e7\u00e3o foi alertada sobre um poss\u00edvel caso de agress\u00e3o com<\/p>\n","protected":false},"author":1,"featured_media":1574,"comment_status":"open","ping_status":"closed","sticky":false,"template":"","format":"standard","meta":{"colormag_page_layout":"default_layout","ngg_post_thumbnail":0,"footnotes":""},"categories":[3],"tags":[],"class_list":["post-1573","post","type-post","status-publish","format-standard","has-post-thumbnail","hentry","category-policia"],"_links":{"self":[{"href":"https:\/\/portalquixaba.com.br\/index.php?rest_route=\/wp\/v2\/posts\/1573","targetHints":{"allow":["GET"]}}],"collection":[{"href":"https:\/\/portalquixaba.com.br\/index.php?rest_route=\/wp\/v2\/posts"}],"about":[{"href":"https:\/\/portalquixaba.com.br\/index.php?rest_route=\/wp\/v2\/types\/post"}],"author":[{"embeddable":true,"href":"https:\/\/portalquixaba.com.br\/index.php?rest_route=\/wp\/v2\/users\/1"}],"replies":[{"embeddable":true,"href":"https:\/\/portalquixaba.com.br\/index.php?rest_route=%2Fwp%2Fv2%2Fcomments&post=1573"}],"version-history":[{"count":0,"href":"https:\/\/portalquixaba.com.br\/index.php?rest_route=\/wp\/v2\/posts\/1573\/revisions"}],"wp:featuredmedia":[{"embeddable":true,"href":"https:\/\/portalquixaba.com.br\/index.php?rest_route=\/wp\/v2\/media\/1574"}],"wp:attachment":[{"href":"https:\/\/portalquixaba.com.br\/index.php?rest_route=%2Fwp%2Fv2%2Fmedia&parent=1573"}],"wp:term":[{"taxonomy":"category","embeddable":true,"href":"https:\/\/portalquixaba.com.br\/index.php?rest_route=%2Fwp%2Fv2%2Fcategories&post=1573"},{"taxonomy":"post_tag","embeddable":true,"href":"https:\/\/portalquixaba.com.br\/index.php?rest_route=%2Fwp%2Fv2%2Ftags&post=1573"}],"curies":[{"name":"wp","href":"https:\/\/api.w.org\/{rel}","templated":true}]}}