{"id":1691,"date":"2024-10-23T18:44:22","date_gmt":"2024-10-23T21:44:22","guid":{"rendered":"https:\/\/portalquixaba.com.br\/?p=1691"},"modified":"2024-11-06T18:56:42","modified_gmt":"2024-11-06T21:56:42","slug":"prefeitura-de-gloria-ba-participa-da-1a-feira-nordestina-de-projetos-artisticos-promovida-pelo-colegio-estadual-indigena-angelo-pereira","status":"publish","type":"post","link":"https:\/\/portalquixaba.com.br\/?p=1691","title":{"rendered":"Prefeitura de Gl\u00f3ria-BA participa da 1\u00aa Feira Nordestina de Projetos Art\u00edsticos, promovida pelo Col\u00e9gio Estadual Ind\u00edgena \u00c2ngelo Pereira"},"content":{"rendered":"\n<p>No \u00faltimo dia 18 de outubro, a Coordena\u00e7\u00e3o de Cultura, representando o prefeito David Cavalcanti, esteve presente na 1\u00aa Feira Nordestina de Projetos Art\u00edsticos, promovida pelo Col\u00e9gio Estadual Ind\u00edgena \u00c2ngelo Pereira, no povoado Brejo do Burgo, em Gl\u00f3ria-BA. O evento, que foi um verdadeiro sucesso, trouxe grande alegria a todos os participantes e destacou o talento e a criatividade dos alunos da institui\u00e7\u00e3o. Sob a lideran\u00e7a da gestora da escola, Patr\u00edcia Krinsi, e sua dedicada equipe, o evento contou com uma s\u00e9rie de apresenta\u00e7\u00f5es art\u00edsticas e exposi\u00e7\u00f5es em stands, evidenciando o empenho e dedica\u00e7\u00e3o de todos os envolvidos.<\/p>\n\n\n\n<p>A Feira, al\u00e9m de celebrar a cultura e arte do Nordeste, tamb\u00e9m foi palco para a exibi\u00e7\u00e3o do document\u00e1rio &#8220;A Hist\u00f3ria do P\u00edfano em Gl\u00f3ria-BA: Resgatando a Cultura Musical de um Povo&#8221;, que faz um registro importante sobre a tradi\u00e7\u00e3o musical do p\u00edfano em nossa regi\u00e3o. O document\u00e1rio destaca a resist\u00eancia e a preserva\u00e7\u00e3o da cultura local, especialmente entre a comunidade ind\u00edgena.<\/p>\n\n\n\n<p>Como uma importante contrapartida cultural para a sociedade, a Banda de P\u00edfano, formada pelos talentosos m\u00fasicos Manoel de Ot\u00edlia, Dam\u00e1sio, Quito e Manoel Gl\u00f3ria, foi uma das contempladas pela Lei Paulo Gustavo 2024, no munic\u00edpio. A banda, composta por ind\u00edgenas, encontrou na Feira o espa\u00e7o ideal para compartilhar seu trabalho e mostrar ao p\u00fablico a riqueza cultural e natural que permeia a tradi\u00e7\u00e3o do p\u00edfano em Gl\u00f3ria, que ainda resiste ao tempo.<\/p>\n\n\n\n<p>O evento reafirma o compromisso da gest\u00e3o municipal com a valoriza\u00e7\u00e3o e promo\u00e7\u00e3o da cultura local, proporcionando espa\u00e7os para que a hist\u00f3ria e a arte do nosso povo sejam reconhecidas e celebradas.<\/p>\n\n\n\n<p><strong>ASCOM-PMG<\/strong><\/p>\n","protected":false},"excerpt":{"rendered":"<p>No \u00faltimo dia 18 de outubro, a Coordena\u00e7\u00e3o de Cultura, representando o prefeito David Cavalcanti, esteve presente na 1\u00aa Feira<\/p>\n","protected":false},"author":1,"featured_media":1692,"comment_status":"open","ping_status":"closed","sticky":false,"template":"","format":"standard","meta":{"colormag_page_layout":"default_layout","ngg_post_thumbnail":0,"footnotes":""},"categories":[10],"tags":[],"class_list":["post-1691","post","type-post","status-publish","format-standard","has-post-thumbnail","hentry","category-geral"],"_links":{"self":[{"href":"https:\/\/portalquixaba.com.br\/index.php?rest_route=\/wp\/v2\/posts\/1691","targetHints":{"allow":["GET"]}}],"collection":[{"href":"https:\/\/portalquixaba.com.br\/index.php?rest_route=\/wp\/v2\/posts"}],"about":[{"href":"https:\/\/portalquixaba.com.br\/index.php?rest_route=\/wp\/v2\/types\/post"}],"author":[{"embeddable":true,"href":"https:\/\/portalquixaba.com.br\/index.php?rest_route=\/wp\/v2\/users\/1"}],"replies":[{"embeddable":true,"href":"https:\/\/portalquixaba.com.br\/index.php?rest_route=%2Fwp%2Fv2%2Fcomments&post=1691"}],"version-history":[{"count":1,"href":"https:\/\/portalquixaba.com.br\/index.php?rest_route=\/wp\/v2\/posts\/1691\/revisions"}],"predecessor-version":[{"id":1693,"href":"https:\/\/portalquixaba.com.br\/index.php?rest_route=\/wp\/v2\/posts\/1691\/revisions\/1693"}],"wp:featuredmedia":[{"embeddable":true,"href":"https:\/\/portalquixaba.com.br\/index.php?rest_route=\/wp\/v2\/media\/1692"}],"wp:attachment":[{"href":"https:\/\/portalquixaba.com.br\/index.php?rest_route=%2Fwp%2Fv2%2Fmedia&parent=1691"}],"wp:term":[{"taxonomy":"category","embeddable":true,"href":"https:\/\/portalquixaba.com.br\/index.php?rest_route=%2Fwp%2Fv2%2Fcategories&post=1691"},{"taxonomy":"post_tag","embeddable":true,"href":"https:\/\/portalquixaba.com.br\/index.php?rest_route=%2Fwp%2Fv2%2Ftags&post=1691"}],"curies":[{"name":"wp","href":"https:\/\/api.w.org\/{rel}","templated":true}]}}