{"id":2146,"date":"2026-08-17T20:49:00","date_gmt":"2026-08-17T23:49:00","guid":{"rendered":"https:\/\/portalquixaba.com.br\/?p=2146"},"modified":"2026-09-02T20:52:39","modified_gmt":"2026-09-02T23:52:39","slug":"gloria-promove-encontro-com-produtores-rurais-para-fortalecer-o-desenvolvimento-territorial","status":"publish","type":"post","link":"https:\/\/portalquixaba.com.br\/?p=2146","title":{"rendered":"Gl\u00f3ria promove encontro com produtores rurais para fortalecer o desenvolvimento territorial"},"content":{"rendered":"\n<p>A Prefeitura de Gl\u00f3ria, por meio da Secretaria de Agricultura e Meio Ambiente, promoveu, no dia 12 de agosto, uma palestra informativa voltada aos produtores rurais do munic\u00edpio. O encontro foi realizado no Balne\u00e1rio de Gl\u00f3ria e reuniu produtores, institui\u00e7\u00f5es e parceiros para um momento de di\u00e1logo, troca de conhecimentos e apresenta\u00e7\u00e3o de oportunidades para o setor rural.<\/p>\n\n\n\n<figure class=\"wp-block-image aligncenter size-large is-resized\"><img loading=\"lazy\" decoding=\"async\" width=\"769\" height=\"1024\" src=\"https:\/\/portalquixaba.com.br\/wp-content\/uploads\/2026\/09\/WhatsApp-Image-2026-08-17-at-17.35.22-1-769x1024.jpeg\" alt=\"\" class=\"wp-image-2148\" style=\"aspect-ratio:0.7509881422924901;width:366px;height:auto\" srcset=\"https:\/\/portalquixaba.com.br\/wp-content\/uploads\/2026\/09\/WhatsApp-Image-2026-08-17-at-17.35.22-1-769x1024.jpeg 769w, https:\/\/portalquixaba.com.br\/wp-content\/uploads\/2026\/09\/WhatsApp-Image-2026-08-17-at-17.35.22-1-225x300.jpeg 225w, https:\/\/portalquixaba.com.br\/wp-content\/uploads\/2026\/09\/WhatsApp-Image-2026-08-17-at-17.35.22-1-768x1023.jpeg 768w, https:\/\/portalquixaba.com.br\/wp-content\/uploads\/2026\/09\/WhatsApp-Image-2026-08-17-at-17.35.22-1-1153x1536.jpeg 1153w, https:\/\/portalquixaba.com.br\/wp-content\/uploads\/2026\/09\/WhatsApp-Image-2026-08-17-at-17.35.22-1.jpeg 1201w\" sizes=\"auto, (max-width: 769px) 100vw, 769px\" \/><\/figure>\n\n\n\n<p>A atividade teve como destaque o PRODETER \u2013 Programa de Desenvolvimento Territorial, do Banco do Nordeste, iniciativa que busca fortalecer as atividades produtivas e contribuir para o desenvolvimento sustent\u00e1vel dos territ\u00f3rios.<\/p>\n\n\n\n<p>O encontro contou com a participa\u00e7\u00e3o do Banco do Nordeste, CODEVASF, SEBRAE e Agenda, refor\u00e7ando a import\u00e2ncia da parceria entre institui\u00e7\u00f5es para apoiar os produtores rurais e fortalecer as atividades desenvolvidas no campo.<\/p>\n\n\n\n<p>Como continuidade da programa\u00e7\u00e3o, um novo encontro ser\u00e1 realizado no dia 26 de agosto, com o tema Associativismo. A proposta \u00e9 estimular a uni\u00e3o e a organiza\u00e7\u00e3o dos produtores, fortalecendo a coopera\u00e7\u00e3o e criando novas possibilidades para o desenvolvimento da agricultura familiar no munic\u00edpio.<\/p>\n\n\n\n<figure class=\"wp-block-image aligncenter size-large is-resized\"><img loading=\"lazy\" decoding=\"async\" width=\"820\" height=\"1024\" src=\"https:\/\/portalquixaba.com.br\/wp-content\/uploads\/2026\/09\/WhatsApp-Image-2026-08-17-at-17.35.21-820x1024.jpeg\" alt=\"\" class=\"wp-image-2147\" style=\"aspect-ratio:0.8007902535396774;width:392px;height:auto\" srcset=\"https:\/\/portalquixaba.com.br\/wp-content\/uploads\/2026\/09\/WhatsApp-Image-2026-08-17-at-17.35.21-820x1024.jpeg 820w, https:\/\/portalquixaba.com.br\/wp-content\/uploads\/2026\/09\/WhatsApp-Image-2026-08-17-at-17.35.21-240x300.jpeg 240w, https:\/\/portalquixaba.com.br\/wp-content\/uploads\/2026\/09\/WhatsApp-Image-2026-08-17-at-17.35.21-768x959.jpeg 768w, https:\/\/portalquixaba.com.br\/wp-content\/uploads\/2026\/09\/WhatsApp-Image-2026-08-17-at-17.35.21-1230x1536.jpeg 1230w, https:\/\/portalquixaba.com.br\/wp-content\/uploads\/2026\/09\/WhatsApp-Image-2026-08-17-at-17.35.21-1640x2048.jpeg 1640w\" sizes=\"auto, (max-width: 820px) 100vw, 820px\" \/><\/figure>\n\n\n\n<p>A a\u00e7\u00e3o faz parte do trabalho de fortalecimento do setor rural e da busca por iniciativas que contribuam para ampliar conhecimentos, oportunidades e perspectivas para os produtores de Gl\u00f3ria.<\/p>\n","protected":false},"excerpt":{"rendered":"<p>A Prefeitura de Gl\u00f3ria, por meio da Secretaria de Agricultura e Meio Ambiente, promoveu, no dia 12 de agosto, uma<\/p>\n","protected":false},"author":1,"featured_media":2149,"comment_status":"open","ping_status":"closed","sticky":false,"template":"","format":"standard","meta":{"colormag_page_layout":"default_layout","ngg_post_thumbnail":0,"footnotes":""},"categories":[10],"tags":[],"class_list":["post-2146","post","type-post","status-publish","format-standard","has-post-thumbnail","hentry","category-geral"],"_links":{"self":[{"href":"https:\/\/portalquixaba.com.br\/index.php?rest_route=\/wp\/v2\/posts\/2146","targetHints":{"allow":["GET"]}}],"collection":[{"href":"https:\/\/portalquixaba.com.br\/index.php?rest_route=\/wp\/v2\/posts"}],"about":[{"href":"https:\/\/portalquixaba.com.br\/index.php?rest_route=\/wp\/v2\/types\/post"}],"author":[{"embeddable":true,"href":"https:\/\/portalquixaba.com.br\/index.php?rest_route=\/wp\/v2\/users\/1"}],"replies":[{"embeddable":true,"href":"https:\/\/portalquixaba.com.br\/index.php?rest_route=%2Fwp%2Fv2%2Fcomments&post=2146"}],"version-history":[{"count":1,"href":"https:\/\/portalquixaba.com.br\/index.php?rest_route=\/wp\/v2\/posts\/2146\/revisions"}],"predecessor-version":[{"id":2150,"href":"https:\/\/portalquixaba.com.br\/index.php?rest_route=\/wp\/v2\/posts\/2146\/revisions\/2150"}],"wp:featuredmedia":[{"embeddable":true,"href":"https:\/\/portalquixaba.com.br\/index.php?rest_route=\/wp\/v2\/media\/2149"}],"wp:attachment":[{"href":"https:\/\/portalquixaba.com.br\/index.php?rest_route=%2Fwp%2Fv2%2Fmedia&parent=2146"}],"wp:term":[{"taxonomy":"category","embeddable":true,"href":"https:\/\/portalquixaba.com.br\/index.php?rest_route=%2Fwp%2Fv2%2Fcategories&post=2146"},{"taxonomy":"post_tag","embeddable":true,"href":"https:\/\/portalquixaba.com.br\/index.php?rest_route=%2Fwp%2Fv2%2Ftags&post=2146"}],"curies":[{"name":"wp","href":"https:\/\/api.w.org\/{rel}","templated":true}]}}